{"id":633,"date":"2023-09-22T17:49:58","date_gmt":"2023-09-22T20:49:58","guid":{"rendered":"http:\/\/santosbevilaqua.com.br\/?p=633"},"modified":"2024-08-12T12:28:21","modified_gmt":"2024-08-12T15:28:21","slug":"plano-tradicional-de-previdencia-privada-pode-vetar-contribuicoes-esporadicas-2","status":"publish","type":"post","link":"https:\/\/santosbevilaqua.com.br\/en\/plano-tradicional-de-previdencia-privada-pode-vetar-contribuicoes-esporadicas-2\/","title":{"rendered":"Traditional private pension plans can veto sporadic contributions"},"content":{"rendered":"<p>Due to the risk of contractual imbalance, the 2nd Civil Chamber of the Esp\u00edrito Santo Court of Justice validated the impossibility of a participant in a traditional private pension plan making sporadic contributions. Amounts that have already been transferred must be returned, plus monetary correction, without the return applicable to the plan.<\/p>\n<p>In the plan analyzed, the return was the General Market Price Index (IGP-M) plus 6% interest per year. Plans of this type were marketed by the private pension organization in the 1990s, when inflation and interest rates were very high in Brazil.<\/p>\n<p>The lawsuit was filed by a participant after she was informed that extraordinary contributions and sporadic contributions could no longer be made. According to the organization, the guarantee of an income indexed by the IGPM + 6% has become unsustainable in the current economic scenario.<\/p>\n<p>In addition, contributions of this kind with the expected return encouraged the detour of the pension plan&#8217;s purpose. Participants began to use it as a form of investment, with a financial return considerably higher than any other offered on the market, instead of providing a supplementary retirement income.<\/p>\n<p>Finally, at the time the plan was taken out, the life expectancy of Brazilians was 66 years, while today it is almost 77 years. The marketing of this type of plan was closed in 2013, with authorization from the Superintendence of Private Insurance (SUSEP), precisely because of the economic and financial imbalance.<\/p>\n<p>Even so, the 1st Civil and Commercial Court of Linhares (ES), in an injunction, forced the organization to accept the plaintiff&#8217;s extraordinary contributions and sporadic contributions.<\/p>\n<p>At the Court of Justice of Esp\u00edrito Santo, the rapporteur Justice Fernando Estevam Bravin Ruy noted that the transaction sought by the plaintiff generates an additional contract to increase the value of the benefit initially agreed. For this reason, it must meet certain requirements and be accepted by the entity. &#8220;In other words, the participant&#8217;s expression of will does not mean that the extra contribution is automatically accepted,&#8221; she said.<\/p>\n<p>The entity proved the high profitability of the plan category and the recent rise in the IGP-M. It was also shown that maintaining sporadic contributions would compromise its financial health, as it would need to exceed the technical limits of its plans in order to be able to cope with accepting unplanned risks.<\/p>\n<p>The pension entity was sponsored by Santos Bevilaqua Advogados. Lawyers Gabriella Balthar, Juliana Moura and Leonardo Lopes Santinho worked on the case, led by partner Keila Manang\u00e3o.<\/p>","protected":false},"excerpt":{"rendered":"<p>Due to the risk of contractual imbalance, the 2nd Civil Chamber of the Esp\u00edrito Santo Court of Justice validated the impossibility of a participant in [&hellip;]<\/p>\n","protected":false},"author":2,"featured_media":626,"comment_status":"closed","ping_status":"closed","sticky":false,"template":"","format":"standard","meta":{"_acf_changed":false,"footnotes":""},"categories":[1],"tags":[],"autor":[],"class_list":["post-633","post","type-post","status-publish","format-standard","has-post-thumbnail","hentry","category-noticias"],"acf":[],"yoast_head":"<!-- This site is optimized with the Yoast SEO plugin v26.3 - https:\/\/yoast.com\/wordpress\/plugins\/seo\/ -->\n<title>Traditional private pension plans can veto sporadic contributions - Santos Bevilaqua Advogados<\/title>\n<meta name=\"robots\" content=\"index, follow, max-snippet:-1, max-image-preview:large, max-video-preview:-1\" \/>\n<link rel=\"canonical\" href=\"https:\/\/santosbevilaqua.com.br\/plano-tradicional-de-previdencia-privada-pode-vetar-contribuicoes-esporadicas-2\/\" \/>\n<meta property=\"og:locale\" content=\"en_US\" \/>\n<meta property=\"og:type\" content=\"article\" \/>\n<meta property=\"og:title\" content=\"Traditional private pension plans can veto sporadic contributions - Santos Bevilaqua Advogados\" \/>\n<meta property=\"og:description\" content=\"Due to the risk of contractual imbalance, the 2nd Civil Chamber of the Esp\u00edrito Santo Court of Justice validated the impossibility of a participant in [&hellip;]\" \/>\n<meta property=\"og:url\" content=\"https:\/\/santosbevilaqua.com.br\/plano-tradicional-de-previdencia-privada-pode-vetar-contribuicoes-esporadicas-2\/\" \/>\n<meta property=\"og:site_name\" content=\"Santos Bevilaqua Advogados\" \/>\n<meta property=\"article:published_time\" content=\"2023-09-22T20:49:58+00:00\" \/>\n<meta property=\"article:modified_time\" content=\"2024-08-12T15:28:21+00:00\" \/>\n<meta property=\"og:image\" content=\"https:\/\/santosbevilaqua.com.br\/wp-content\/uploads\/2023\/09\/noticia3.jpg\" \/>\n\t<meta property=\"og:image:width\" content=\"1920\" \/>\n\t<meta property=\"og:image:height\" content=\"1080\" \/>\n\t<meta property=\"og:image:type\" content=\"image\/jpeg\" \/>\n<meta name=\"author\" content=\"fabio\" \/>\n<meta name=\"twitter:card\" content=\"summary_large_image\" \/>\n<meta name=\"twitter:label1\" content=\"Written by\" \/>\n\t<meta name=\"twitter:data1\" content=\"fabio\" \/>\n\t<meta name=\"twitter:label2\" content=\"Est. reading time\" \/>\n\t<meta name=\"twitter:data2\" content=\"4 minutes\" \/>\n<script type=\"application\/ld+json\" class=\"yoast-schema-graph\">{\"@context\":\"https:\/\/schema.org\",\"@graph\":[{\"@type\":\"Article\",\"@id\":\"https:\/\/santosbevilaqua.com.br\/plano-tradicional-de-previdencia-privada-pode-vetar-contribuicoes-esporadicas-2\/#article\",\"isPartOf\":{\"@id\":\"https:\/\/santosbevilaqua.com.br\/plano-tradicional-de-previdencia-privada-pode-vetar-contribuicoes-esporadicas-2\/\"},\"author\":{\"name\":\"fabio\",\"@id\":\"https:\/\/santosbevilaqua.com.br\/#\/schema\/person\/c0ebcc00990cde18554bfe6e38c1fe10\"},\"headline\":\"Traditional private pension plans can veto sporadic contributions\",\"datePublished\":\"2023-09-22T20:49:58+00:00\",\"dateModified\":\"2024-08-12T15:28:21+00:00\",\"mainEntityOfPage\":{\"@id\":\"https:\/\/santosbevilaqua.com.br\/plano-tradicional-de-previdencia-privada-pode-vetar-contribuicoes-esporadicas-2\/\"},\"wordCount\":896,\"publisher\":{\"@id\":\"https:\/\/santosbevilaqua.com.br\/#organization\"},\"image\":{\"@id\":\"https:\/\/santosbevilaqua.com.br\/plano-tradicional-de-previdencia-privada-pode-vetar-contribuicoes-esporadicas-2\/#primaryimage\"},\"thumbnailUrl\":\"https:\/\/santosbevilaqua.com.br\/wp-content\/uploads\/2023\/09\/noticia3.jpg\",\"articleSection\":[\"News\"],\"inLanguage\":\"en-US\"},{\"@type\":\"WebPage\",\"@id\":\"https:\/\/santosbevilaqua.com.br\/plano-tradicional-de-previdencia-privada-pode-vetar-contribuicoes-esporadicas-2\/\",\"url\":\"https:\/\/santosbevilaqua.com.br\/plano-tradicional-de-previdencia-privada-pode-vetar-contribuicoes-esporadicas-2\/\",\"name\":\"[:pb]Plano tradicional de previd\u00eancia privada pode vetar contribui\u00e7\u00f5es espor\u00e1dicas[:en]Traditional private pension plans can veto sporadic contributions[:] - Santos Bevilaqua Advogados\",\"isPartOf\":{\"@id\":\"https:\/\/santosbevilaqua.com.br\/#website\"},\"primaryImageOfPage\":{\"@id\":\"https:\/\/santosbevilaqua.com.br\/plano-tradicional-de-previdencia-privada-pode-vetar-contribuicoes-esporadicas-2\/#primaryimage\"},\"image\":{\"@id\":\"https:\/\/santosbevilaqua.com.br\/plano-tradicional-de-previdencia-privada-pode-vetar-contribuicoes-esporadicas-2\/#primaryimage\"},\"thumbnailUrl\":\"https:\/\/santosbevilaqua.com.br\/wp-content\/uploads\/2023\/09\/noticia3.jpg\",\"datePublished\":\"2023-09-22T20:49:58+00:00\",\"dateModified\":\"2024-08-12T15:28:21+00:00\",\"breadcrumb\":{\"@id\":\"https:\/\/santosbevilaqua.com.br\/plano-tradicional-de-previdencia-privada-pode-vetar-contribuicoes-esporadicas-2\/#breadcrumb\"},\"inLanguage\":\"en-US\",\"potentialAction\":[{\"@type\":\"ReadAction\",\"target\":[\"https:\/\/santosbevilaqua.com.br\/plano-tradicional-de-previdencia-privada-pode-vetar-contribuicoes-esporadicas-2\/\"]}]},{\"@type\":\"ImageObject\",\"inLanguage\":\"en-US\",\"@id\":\"https:\/\/santosbevilaqua.com.br\/plano-tradicional-de-previdencia-privada-pode-vetar-contribuicoes-esporadicas-2\/#primaryimage\",\"url\":\"https:\/\/santosbevilaqua.com.br\/wp-content\/uploads\/2023\/09\/noticia3.jpg\",\"contentUrl\":\"https:\/\/santosbevilaqua.com.br\/wp-content\/uploads\/2023\/09\/noticia3.jpg\",\"width\":1920,\"height\":1080},{\"@type\":\"BreadcrumbList\",\"@id\":\"https:\/\/santosbevilaqua.com.br\/plano-tradicional-de-previdencia-privada-pode-vetar-contribuicoes-esporadicas-2\/#breadcrumb\",\"itemListElement\":[{\"@type\":\"ListItem\",\"position\":1,\"name\":\"In\u00edcio\",\"item\":\"https:\/\/santosbevilaqua.com.br\/\"},{\"@type\":\"ListItem\",\"position\":2,\"name\":\"Plano tradicional de previd\u00eancia privada pode vetar contribui\u00e7\u00f5es espor\u00e1dicas\"}]},{\"@type\":\"WebSite\",\"@id\":\"https:\/\/santosbevilaqua.com.br\/#website\",\"url\":\"https:\/\/santosbevilaqua.com.br\/\",\"name\":\"Santos Bevilaqua Advogados\",\"description\":\"\",\"publisher\":{\"@id\":\"https:\/\/santosbevilaqua.com.br\/#organization\"},\"potentialAction\":[{\"@type\":\"SearchAction\",\"target\":{\"@type\":\"EntryPoint\",\"urlTemplate\":\"https:\/\/santosbevilaqua.com.br\/?s={search_term_string}\"},\"query-input\":{\"@type\":\"PropertyValueSpecification\",\"valueRequired\":true,\"valueName\":\"search_term_string\"}}],\"inLanguage\":\"en-US\"},{\"@type\":\"Organization\",\"@id\":\"https:\/\/santosbevilaqua.com.br\/#organization\",\"name\":\"Santos Bevilaqua Advogados\",\"url\":\"https:\/\/santosbevilaqua.com.br\/\",\"logo\":{\"@type\":\"ImageObject\",\"inLanguage\":\"en-US\",\"@id\":\"https:\/\/santosbevilaqua.com.br\/#\/schema\/logo\/image\/\",\"url\":\"https:\/\/santosbevilaqua.com.br\/wp-content\/uploads\/2024\/10\/logo_colorido.png\",\"contentUrl\":\"https:\/\/santosbevilaqua.com.br\/wp-content\/uploads\/2024\/10\/logo_colorido.png\",\"width\":494,\"height\":324,\"caption\":\"Santos Bevilaqua Advogados\"},\"image\":{\"@id\":\"https:\/\/santosbevilaqua.com.br\/#\/schema\/logo\/image\/\"},\"sameAs\":[\"https:\/\/www.linkedin.com\/company\/9273934\"]},{\"@type\":\"Person\",\"@id\":\"https:\/\/santosbevilaqua.com.br\/#\/schema\/person\/c0ebcc00990cde18554bfe6e38c1fe10\",\"name\":\"fabio\",\"image\":{\"@type\":\"ImageObject\",\"inLanguage\":\"en-US\",\"@id\":\"https:\/\/santosbevilaqua.com.br\/#\/schema\/person\/image\/\",\"url\":\"https:\/\/secure.gravatar.com\/avatar\/238f8fba2832d2ab89457f4abd7374c2f927ee9232fa70132e32f9e11792338b?s=96&d=mm&r=g\",\"contentUrl\":\"https:\/\/secure.gravatar.com\/avatar\/238f8fba2832d2ab89457f4abd7374c2f927ee9232fa70132e32f9e11792338b?s=96&d=mm&r=g\",\"caption\":\"fabio\"},\"url\":\"https:\/\/santosbevilaqua.com.br\/en\/author\/fabio\/\"}]}<\/script>\n<!-- \/ Yoast SEO plugin. -->","yoast_head_json":{"title":"Traditional private pension plans can veto sporadic contributions - Santos Bevilaqua Advogados","robots":{"index":"index","follow":"follow","max-snippet":"max-snippet:-1","max-image-preview":"max-image-preview:large","max-video-preview":"max-video-preview:-1"},"canonical":"https:\/\/santosbevilaqua.com.br\/plano-tradicional-de-previdencia-privada-pode-vetar-contribuicoes-esporadicas-2\/","og_locale":"en_US","og_type":"article","og_title":"Traditional private pension plans can veto sporadic contributions - Santos Bevilaqua Advogados","og_description":"Due to the risk of contractual imbalance, the 2nd Civil Chamber of the Esp\u00edrito Santo Court of Justice validated the impossibility of a participant in [&hellip;]","og_url":"https:\/\/santosbevilaqua.com.br\/plano-tradicional-de-previdencia-privada-pode-vetar-contribuicoes-esporadicas-2\/","og_site_name":"Santos Bevilaqua Advogados","article_published_time":"2023-09-22T20:49:58+00:00","article_modified_time":"2024-08-12T15:28:21+00:00","og_image":[{"width":1920,"height":1080,"url":"https:\/\/santosbevilaqua.com.br\/wp-content\/uploads\/2023\/09\/noticia3.jpg","type":"image\/jpeg"}],"author":"fabio","twitter_card":"summary_large_image","twitter_misc":{"Written by":"fabio","Est. reading time":"4 minutes"},"schema":{"@context":"https:\/\/schema.org","@graph":[{"@type":"Article","@id":"https:\/\/santosbevilaqua.com.br\/plano-tradicional-de-previdencia-privada-pode-vetar-contribuicoes-esporadicas-2\/#article","isPartOf":{"@id":"https:\/\/santosbevilaqua.com.br\/plano-tradicional-de-previdencia-privada-pode-vetar-contribuicoes-esporadicas-2\/"},"author":{"name":"fabio","@id":"https:\/\/santosbevilaqua.com.br\/#\/schema\/person\/c0ebcc00990cde18554bfe6e38c1fe10"},"headline":"Traditional private pension plans can veto sporadic contributions","datePublished":"2023-09-22T20:49:58+00:00","dateModified":"2024-08-12T15:28:21+00:00","mainEntityOfPage":{"@id":"https:\/\/santosbevilaqua.com.br\/plano-tradicional-de-previdencia-privada-pode-vetar-contribuicoes-esporadicas-2\/"},"wordCount":896,"publisher":{"@id":"https:\/\/santosbevilaqua.com.br\/#organization"},"image":{"@id":"https:\/\/santosbevilaqua.com.br\/plano-tradicional-de-previdencia-privada-pode-vetar-contribuicoes-esporadicas-2\/#primaryimage"},"thumbnailUrl":"https:\/\/santosbevilaqua.com.br\/wp-content\/uploads\/2023\/09\/noticia3.jpg","articleSection":["News"],"inLanguage":"en-US"},{"@type":"WebPage","@id":"https:\/\/santosbevilaqua.com.br\/plano-tradicional-de-previdencia-privada-pode-vetar-contribuicoes-esporadicas-2\/","url":"https:\/\/santosbevilaqua.com.br\/plano-tradicional-de-previdencia-privada-pode-vetar-contribuicoes-esporadicas-2\/","name":"[:pb]Plano tradicional de previd\u00eancia privada pode vetar contribui\u00e7\u00f5es espor\u00e1dicas[:en]Traditional private pension plans can veto sporadic contributions[:] - Santos Bevilaqua Advogados","isPartOf":{"@id":"https:\/\/santosbevilaqua.com.br\/#website"},"primaryImageOfPage":{"@id":"https:\/\/santosbevilaqua.com.br\/plano-tradicional-de-previdencia-privada-pode-vetar-contribuicoes-esporadicas-2\/#primaryimage"},"image":{"@id":"https:\/\/santosbevilaqua.com.br\/plano-tradicional-de-previdencia-privada-pode-vetar-contribuicoes-esporadicas-2\/#primaryimage"},"thumbnailUrl":"https:\/\/santosbevilaqua.com.br\/wp-content\/uploads\/2023\/09\/noticia3.jpg","datePublished":"2023-09-22T20:49:58+00:00","dateModified":"2024-08-12T15:28:21+00:00","breadcrumb":{"@id":"https:\/\/santosbevilaqua.com.br\/plano-tradicional-de-previdencia-privada-pode-vetar-contribuicoes-esporadicas-2\/#breadcrumb"},"inLanguage":"en-US","potentialAction":[{"@type":"ReadAction","target":["https:\/\/santosbevilaqua.com.br\/plano-tradicional-de-previdencia-privada-pode-vetar-contribuicoes-esporadicas-2\/"]}]},{"@type":"ImageObject","inLanguage":"en-US","@id":"https:\/\/santosbevilaqua.com.br\/plano-tradicional-de-previdencia-privada-pode-vetar-contribuicoes-esporadicas-2\/#primaryimage","url":"https:\/\/santosbevilaqua.com.br\/wp-content\/uploads\/2023\/09\/noticia3.jpg","contentUrl":"https:\/\/santosbevilaqua.com.br\/wp-content\/uploads\/2023\/09\/noticia3.jpg","width":1920,"height":1080},{"@type":"BreadcrumbList","@id":"https:\/\/santosbevilaqua.com.br\/plano-tradicional-de-previdencia-privada-pode-vetar-contribuicoes-esporadicas-2\/#breadcrumb","itemListElement":[{"@type":"ListItem","position":1,"name":"In\u00edcio","item":"https:\/\/santosbevilaqua.com.br\/"},{"@type":"ListItem","position":2,"name":"Plano tradicional de previd\u00eancia privada pode vetar contribui\u00e7\u00f5es espor\u00e1dicas"}]},{"@type":"WebSite","@id":"https:\/\/santosbevilaqua.com.br\/#website","url":"https:\/\/santosbevilaqua.com.br\/","name":"Santos Bevilaqua Advogados","description":"","publisher":{"@id":"https:\/\/santosbevilaqua.com.br\/#organization"},"potentialAction":[{"@type":"SearchAction","target":{"@type":"EntryPoint","urlTemplate":"https:\/\/santosbevilaqua.com.br\/?s={search_term_string}"},"query-input":{"@type":"PropertyValueSpecification","valueRequired":true,"valueName":"search_term_string"}}],"inLanguage":"en-US"},{"@type":"Organization","@id":"https:\/\/santosbevilaqua.com.br\/#organization","name":"Santos Bevilaqua Advogados","url":"https:\/\/santosbevilaqua.com.br\/","logo":{"@type":"ImageObject","inLanguage":"en-US","@id":"https:\/\/santosbevilaqua.com.br\/#\/schema\/logo\/image\/","url":"https:\/\/santosbevilaqua.com.br\/wp-content\/uploads\/2024\/10\/logo_colorido.png","contentUrl":"https:\/\/santosbevilaqua.com.br\/wp-content\/uploads\/2024\/10\/logo_colorido.png","width":494,"height":324,"caption":"Santos Bevilaqua Advogados"},"image":{"@id":"https:\/\/santosbevilaqua.com.br\/#\/schema\/logo\/image\/"},"sameAs":["https:\/\/www.linkedin.com\/company\/9273934"]},{"@type":"Person","@id":"https:\/\/santosbevilaqua.com.br\/#\/schema\/person\/c0ebcc00990cde18554bfe6e38c1fe10","name":"fabio","image":{"@type":"ImageObject","inLanguage":"en-US","@id":"https:\/\/santosbevilaqua.com.br\/#\/schema\/person\/image\/","url":"https:\/\/secure.gravatar.com\/avatar\/238f8fba2832d2ab89457f4abd7374c2f927ee9232fa70132e32f9e11792338b?s=96&d=mm&r=g","contentUrl":"https:\/\/secure.gravatar.com\/avatar\/238f8fba2832d2ab89457f4abd7374c2f927ee9232fa70132e32f9e11792338b?s=96&d=mm&r=g","caption":"fabio"},"url":"https:\/\/santosbevilaqua.com.br\/en\/author\/fabio\/"}]}},"_links":{"self":[{"href":"https:\/\/santosbevilaqua.com.br\/en\/wp-json\/wp\/v2\/posts\/633","targetHints":{"allow":["GET"]}}],"collection":[{"href":"https:\/\/santosbevilaqua.com.br\/en\/wp-json\/wp\/v2\/posts"}],"about":[{"href":"https:\/\/santosbevilaqua.com.br\/en\/wp-json\/wp\/v2\/types\/post"}],"author":[{"embeddable":true,"href":"https:\/\/santosbevilaqua.com.br\/en\/wp-json\/wp\/v2\/users\/2"}],"replies":[{"embeddable":true,"href":"https:\/\/santosbevilaqua.com.br\/en\/wp-json\/wp\/v2\/comments?post=633"}],"version-history":[{"count":5,"href":"https:\/\/santosbevilaqua.com.br\/en\/wp-json\/wp\/v2\/posts\/633\/revisions"}],"predecessor-version":[{"id":796,"href":"https:\/\/santosbevilaqua.com.br\/en\/wp-json\/wp\/v2\/posts\/633\/revisions\/796"}],"wp:featuredmedia":[{"embeddable":true,"href":"https:\/\/santosbevilaqua.com.br\/en\/wp-json\/wp\/v2\/media\/626"}],"wp:attachment":[{"href":"https:\/\/santosbevilaqua.com.br\/en\/wp-json\/wp\/v2\/media?parent=633"}],"wp:term":[{"taxonomy":"category","embeddable":true,"href":"https:\/\/santosbevilaqua.com.br\/en\/wp-json\/wp\/v2\/categories?post=633"},{"taxonomy":"post_tag","embeddable":true,"href":"https:\/\/santosbevilaqua.com.br\/en\/wp-json\/wp\/v2\/tags?post=633"},{"taxonomy":"autor","embeddable":true,"href":"https:\/\/santosbevilaqua.com.br\/en\/wp-json\/wp\/v2\/autor?post=633"}],"curies":[{"name":"wp","href":"https:\/\/api.w.org\/{rel}","templated":true}]}}